{"id":68764,"date":"2023-03-01T05:13:44","date_gmt":"2023-03-01T05:13:44","guid":{"rendered":"https:\/\/todaykhoe.com\/?p=68764"},"modified":"2023-03-01T11:54:35","modified_gmt":"2023-03-01T11:54:35","slug":"redenhair-serum-fiyat-turkiye","status":"publish","type":"post","link":"https:\/\/www.todaykhoe.com\/tr\/redenhair-serum-fiyat-turkiye\/","title":{"rendered":"RedenHair Serum Fiyat T\u00fcrkiye: Ger\u00e7ekten \u00c7al\u0131\u015f\u0131yor mu? Yorumlar"},"content":{"rendered":"<p>Bilim adamlar\u0131, sa\u00e7 d\u00f6k\u00fclmesini durdurmak ve yeni sa\u00e7 b\u00fcy\u00fcmesini desteklemek amac\u0131yla RedenHair Serum'u yaratt\u0131. Bu strateji kullan\u0131larak iki hedef ayn\u0131 anda kar\u015f\u0131lanabilir. Bu serum tamamen do\u011fal bile\u015fenlerden yap\u0131lm\u0131\u015ft\u0131r ve etkinli\u011fi kapsaml\u0131 klinik deneylerle do\u011frulanm\u0131\u015ft\u0131r. Bu yaz\u0131m\u0131zda RedenHair Serum'un \u00f6zg\u00fcveninizi geri kazanman\u0131za nas\u0131l yard\u0131mc\u0131 olabilece\u011finden bahsedece\u011fiz ve hemen kullanmaya nas\u0131l ba\u015flayabilece\u011finizi anlataca\u011f\u0131z. RedenHair Serum'un size nas\u0131l yard\u0131mc\u0131 olabilece\u011fine de de\u011finece\u011fiz.<\/p>\n<p>Sa\u00e7 d\u00f6k\u00fclmesi, her iki cinsi de etkileyen yayg\u0131n bir sorundur ve ki\u015finin kendine olan g\u00fcveni \u00fczerinde derin bir etkisi olabilir. Pek \u00e7ok farkl\u0131 \u00fcr\u00fcn, daha fazla sa\u00e7 d\u00f6k\u00fclmesini \u00f6nleyebilece\u011fini ve hatta yeni sa\u00e7lar\u0131n b\u00fcy\u00fcmesini te\u015fvik edebilece\u011fini iddia ediyor. Sorun \u015fu ki, bir\u00e7o\u011fu i\u015fe yaram\u0131yor ve hatta baz\u0131lar\u0131n\u0131n istenmeyen yan etkileri olabilir.<\/p>\n<p>Sa\u00e7 d\u00f6k\u00fclmesiyle m\u00fccadele etmek i\u00e7in RedenHair, bug\u00fcn internette en \u00e7ok tan\u0131t\u0131lan \u00fcr\u00fcnlerden biridir. Bu y\u00f6ntemin &#8220;g\u00fczel ve sa\u011fl\u0131kl\u0131 sa\u00e7lar \u00e7\u0131karabilecek&#8221; bir y\u00f6ntem olarak reklam\u0131 yap\u0131l\u0131r ve her iki cinsiyette de mevcuttur. Ayr\u0131ca, sa\u011fl\u0131kl\u0131 bir sa\u00e7 derisi ve sa\u011fl\u0131kl\u0131 sa\u00e7lar\u0131n korunmas\u0131na yard\u0131mc\u0131 olan bir dizi ba\u015fka bile\u015fen i\u00e7erir.<\/p>\n<p style=\"text-align: center;\"><a style=\"color: #00ff00;\" href=\"https:\/\/todaykhoe.com\/emir-redenhair-tr\"><span style=\"font-size: 14pt;\"><b>\u25baBURADAN TALEP ED\u0130N \u2013 \u201cRESM\u0130 WEB S\u0130TES\u0130 SATIN ALIN\u201d\u25c4<\/b><\/span><\/a><\/p>\n<p><a href=\"https:\/\/todaykhoe.com\/emir-redenhair-tr\"><img loading=\"lazy\" decoding=\"async\" class=\"aligncenter wp-image-68862 size-medium\" src=\"https:\/\/todaykhoe.com\/wp-content\/uploads\/2023\/03\/RedenHair-191x300.png\" alt=\"RedenHair\" width=\"191\" height=\"300\" srcset=\"https:\/\/www.todaykhoe.com\/wp-content\/uploads\/2023\/03\/RedenHair-191x300.png 191w, https:\/\/www.todaykhoe.com\/wp-content\/uploads\/2023\/03\/RedenHair.png 298w\" sizes=\"auto, (max-width: 191px) 100vw, 191px\" \/><\/a><\/p>\n<h2><a href=\"https:\/\/todaykhoe.com\/tr\/redenhair-serum-fiyat-turkiye\/\">RedenHair<\/a> tam olarak nedir?<\/h2>\n<p>RedenHair serumu, s\u00f6zde sa\u00e7 d\u00f6k\u00fclmesini durdurmaya ve tam, sa\u011fl\u0131kl\u0131 b\u00fcy\u00fcmeyi te\u015fvik etmeye yard\u0131mc\u0131 olan bir sa\u00e7 b\u00fcy\u00fcme serumudur. Bu s\u00fcre\u00e7te sa\u00e7 k\u00f6kleri g\u00fc\u00e7lendirilir. E\u015fsiz aktif bile\u015fen kar\u0131\u015f\u0131m\u0131, sa\u00e7\u0131n genel sa\u011fl\u0131\u011f\u0131n\u0131 ve g\u00f6r\u00fcn\u00fcm\u00fcn\u00fc iyile\u015ftiren sa\u00e7 k\u00f6klerini g\u00fc\u00e7lendirip besleyerek sa\u00e7 b\u00fcy\u00fcmesini destekler.<\/p>\n<p>\u00dcr\u00fcn\u00fcn \u00fcreticisi, her iki cinsiyet i\u00e7in de yararl\u0131 oldu\u011funu iddia ediyor ve \u00e7ok say\u0131da kullan\u0131c\u0131, d\u00fczenli kullan\u0131mdan sonra memnun edici sonu\u00e7lar ald\u0131\u011f\u0131n\u0131 onayl\u0131yor. Yine de, sa\u00e7 b\u00fcy\u00fctmeye yard\u0131mc\u0131 olarak pazarlanan herhangi bir \u00fcr\u00fcnde oldu\u011fu gibi, kilometreniz de\u011fi\u015febilir. Yeni bir sa\u00e7 uzatma rutinine ba\u015flamadan \u00f6nce bir doktora veya dermatolo\u011fa g\u00f6r\u00fcn\u00fcn.<\/p>\n<p>RedenHair Serum, sa\u00e7 b\u00fcy\u00fcmesini ve onar\u0131m\u0131n\u0131 destekledi\u011fi g\u00f6sterilen tamamen do\u011fal bile\u015fenler olan biotin, keratin ve kollajen ile form\u00fcle edilmi\u015f y\u00fcksek kaliteli bir sa\u00e7 serumudur. Serumun etkinli\u011fi, \u00f6zenle se\u00e7ilmi\u015f i\u00e7erik listesine ba\u011flanabilir. Bu serumu yaratman\u0131n amac\u0131, sa\u011fl\u0131kl\u0131 sa\u00e7 geli\u015fimini te\u015fvik etmek ve sa\u00e7\u0131 k\u00f6kten uca g\u00fc\u00e7lendirmekti. Ayr\u0131ca sa\u00e7\u0131 g\u00fc\u00e7lendiren ve g\u00fc\u00e7lendiren koruyucu esansiyel ya\u011flar ve vitaminlerle y\u00fckl\u00fcd\u00fcr.<\/p>\n<h3>RedenHair serum kullanman\u0131n faydalar\u0131 \u015funlar\u0131 i\u00e7erir:<\/h3>\n<p>RedenHair serum kullanman\u0131n faydalar\u0131ndan baz\u0131lar\u0131 \u015funlard\u0131r:<\/p>\n<ul>\n<li>RedenHair serumundaki bile\u015fenler, yeni sa\u00e7 geli\u015fimini te\u015fvik etmek, sa\u00e7 d\u00f6k\u00fclmesini durdurmak ve sa\u00e7\u0131n\u0131z\u0131n daha dolgun ve kal\u0131n g\u00f6r\u00fcnmesine ve hissedilmesine yard\u0131mc\u0131 olmak i\u00e7in birlikte \u00e7al\u0131\u015f\u0131r. Yeni sa\u00e7 k\u00f6klerinin b\u00fcy\u00fcmesini te\u015fvik ederek amac\u0131na ula\u015f\u0131r.<\/li>\n<li>RedenHair serumun bile\u015fenleri sa\u00e7 k\u00f6klerini besler ve g\u00fc\u00e7lendirir, bu da sa\u00e7\u0131n genel sa\u011fl\u0131\u011f\u0131n\u0131 ve g\u00f6r\u00fcn\u00fcm\u00fcn\u00fc iyile\u015ftirir.<\/li>\n<li>RedenHair serumu kullanmak, sa\u00e7 tellerinizi hasara ve tak\u0131lmaya kar\u015f\u0131 koruyarak sa\u00e7 k\u0131r\u0131lma olas\u0131l\u0131\u011f\u0131n\u0131 azaltmaya yard\u0131mc\u0131 olabilir.<\/li>\n<li>RedenHair serumunun d\u00fczenli kullan\u0131m\u0131, sa\u00e7\u0131n\u0131z\u0131n dokusunu daha yumu\u015fak, p\u00fcr\u00fczs\u00fcz ve k\u0131r\u0131lmaya daha az e\u011filimli hale getirerek iyile\u015ftirebilir. Sa\u00e7\u0131n k\u00fctik\u00fcl tabakas\u0131 g\u00fc\u00e7lenir ve bu da bu sonucu verir.<\/li>\n<\/ul>\n<p style=\"text-align: center;\"><a style=\"color: #00ff00;\" href=\"https:\/\/todaykhoe.com\/emir-redenhair-tr\"><span style=\"font-size: 14pt;\"><b>\u25baBURADAN TALEP ED\u0130N \u2013 \u201cRESM\u0130 WEB S\u0130TES\u0130 SATIN ALIN\u201d\u25c4<\/b><\/span><\/a><\/p>\n<p><a href=\"https:\/\/todaykhoe.com\/emir-redenhair-tr\"><img loading=\"lazy\" decoding=\"async\" class=\"aligncenter size-full wp-image-68830\" src=\"https:\/\/todaykhoe.com\/wp-content\/uploads\/2023\/03\/RedenHair-Review.png\" alt=\"RedenHair G\u00f6zden ge\u00e7irmek\" width=\"1155\" height=\"622\" srcset=\"https:\/\/www.todaykhoe.com\/wp-content\/uploads\/2023\/03\/RedenHair-Review.png 1155w, https:\/\/www.todaykhoe.com\/wp-content\/uploads\/2023\/03\/RedenHair-Review-600x323.png 600w, https:\/\/www.todaykhoe.com\/wp-content\/uploads\/2023\/03\/RedenHair-Review-300x162.png 300w, https:\/\/www.todaykhoe.com\/wp-content\/uploads\/2023\/03\/RedenHair-Review-1024x551.png 1024w, https:\/\/www.todaykhoe.com\/wp-content\/uploads\/2023\/03\/RedenHair-Review-768x414.png 768w\" sizes=\"auto, (max-width: 1155px) 100vw, 1155px\" \/><\/a><\/p>\n<h4>RedenHair Ger\u00e7ekten Nas\u0131l \u00c7al\u0131\u015f\u0131r?<\/h4>\n<p>RedenHair, sa\u011fl\u0131kl\u0131 sa\u00e7 geli\u015fimini destekleyebilecekleri \u00f6nemli vitamin ve mineralleri sa\u00e7 k\u00f6klerinize ileterek \u00e7al\u0131\u015f\u0131r. Serum, sa\u00e7 derisine kan ak\u0131\u015f\u0131n\u0131 artt\u0131rd\u0131\u011f\u0131 g\u00f6sterilen bile\u015fenler i\u00e7erdi\u011finden sa\u00e7 b\u00fcy\u00fcmesini te\u015fvik etmeye yard\u0131mc\u0131 olabilir.<\/p>\n<p>G\u00fc\u00e7l\u00fc bir damar geni\u015fletici olan kafein kafa derisine giden kan ak\u0131\u015f\u0131n\u0131 art\u0131rabilirken, biotin artan sa\u00e7 kal\u0131nl\u0131\u011f\u0131 ve g\u00fcc\u00fc ile ili\u015fkilendirilir. Bu bile\u015fiklerin her ikisini de kahvede bulmak zor de\u011fil. Dihidrotestosteron (DHT) ad\u0131 verilen bir hormon sa\u00e7\u0131n incelmesinde rol oynayabilir ve testere palmeti \u00fcretimini engellemeye yard\u0131mc\u0131 olabilir. Saw palmetto sa\u011fl\u0131kl\u0131 sa\u00e7 b\u00fcy\u00fcmesine yard\u0131mc\u0131 olur ve amino asit arginin sa\u00e7 sa\u011fl\u0131\u011f\u0131 i\u00e7in \u00e7ok \u00f6nemlidir.<\/p>\n<p>D\u00fczenli olarak al\u0131nd\u0131\u011f\u0131nda RedenHair Serum, sa\u00e7\u0131 beslemeye ve g\u00fc\u00e7lendirmeye, sa\u00e7 d\u00f6k\u00fclmesini azaltmaya ve sa\u011fl\u0131kl\u0131 sa\u00e7 b\u00fcy\u00fcmesini te\u015fvik etmeye yard\u0131mc\u0131 olma \u00f6zelli\u011fine sahiptir.<\/p>\n<p>\u00d6rne\u011fin E Vitamini, RedenHair Serum'da bulunan vitamin ve minerallerden biridir ve antioksidan nitelikleri ve sa\u00e7\u0131 serbest radikallerin neden oldu\u011fu hasarlardan korumaya yard\u0131mc\u0131 oldu\u011fu kan\u0131tlanm\u0131\u015f yetene\u011fi ile bilinir. Ya\u011f asitleri bak\u0131m\u0131ndan zengin olan ve sa\u00e7\u0131 besleyip nemlendirerek ipeksi ve p\u00fcr\u00fczs\u00fcz g\u00f6r\u00fcnmesini sa\u011flayan argan ya\u011f\u0131 i\u00e7ermekle kalmaz, ayn\u0131 zamanda sa\u00e7\u0131 \u00e7evresel hasarlardan korumaya da yard\u0131mc\u0131 olur.<\/p>\n<p style=\"text-align: center;\"><a style=\"color: #00ff00;\" href=\"https:\/\/todaykhoe.com\/emir-redenhair-tr\"><span style=\"font-size: 14pt;\"><b>\u25baBURADAN TALEP ED\u0130N \u2013 \u201cRESM\u0130 WEB S\u0130TES\u0130 SATIN ALIN\u201d\u25c4<\/b><\/span><\/a><\/p>\n<p><a href=\"https:\/\/todaykhoe.com\/emir-redenhair-tr\"><img loading=\"lazy\" decoding=\"async\" class=\"aligncenter size-full wp-image-68766\" src=\"https:\/\/todaykhoe.com\/wp-content\/uploads\/2023\/03\/RedenHair-Expert.png\" alt=\"RedenHair Uzman\" width=\"1152\" height=\"565\" srcset=\"https:\/\/www.todaykhoe.com\/wp-content\/uploads\/2023\/03\/RedenHair-Expert.png 1152w, https:\/\/www.todaykhoe.com\/wp-content\/uploads\/2023\/03\/RedenHair-Expert-600x294.png 600w, https:\/\/www.todaykhoe.com\/wp-content\/uploads\/2023\/03\/RedenHair-Expert-300x147.png 300w, https:\/\/www.todaykhoe.com\/wp-content\/uploads\/2023\/03\/RedenHair-Expert-1024x502.png 1024w, https:\/\/www.todaykhoe.com\/wp-content\/uploads\/2023\/03\/RedenHair-Expert-768x377.png 768w\" sizes=\"auto, (max-width: 1152px) 100vw, 1152px\" \/><\/a><\/p>\n<h3>Tedavi olan RedenHair kullan\u0131m\u0131n\u0131n sonu\u00e7lar\u0131 \u00fc\u00e7 a\u015famada g\u00f6sterilmektedir.<\/h3>\n<p><b>1 etap<\/b><\/p>\n<ul>\n<li>Sa\u00e7 k\u00f6klerini yeniler: Sa\u00e7 k\u00f6klerinde ve sa\u00e7 derisindeki mikro hasarlar\u0131 iyile\u015ftirir. &#8220;Uyuyan&#8221; folik\u00fclleri uyand\u0131r\u0131r<\/li>\n<\/ul>\n<p><b>2. A\u015fama<\/b><\/p>\n<ul>\n<li>Sa\u00e7lar\u0131n yeniden b\u00fcy\u00fcme s\u00fcrecini iyile\u015ftirir: RedenHair'deki bitki molek\u00fclleri, anagen faz\u0131n\u0131 (etkili sa\u00e7 b\u00fcy\u00fcme d\u00f6nemi) 3 kat uzat\u0131r.<\/li>\n<\/ul>\n<p><b>3. A\u015fama<\/b><\/p>\n<ul>\n<li>Sa\u00e7\u0131n parlakl\u0131\u011f\u0131n\u0131 art\u0131r\u0131r ve sa\u00e7\u0131 g\u00fc\u00e7lendirir: Sa\u00e7\u0131n yap\u0131sal bir proteini olan keratin sentezini h\u0131zland\u0131r\u0131r. Yumu\u015fakl\u0131k, yo\u011funluk ve dayan\u0131kl\u0131l\u0131k sa\u011flar, taramay\u0131 kolayla\u015ft\u0131r\u0131r<\/li>\n<\/ul>\n<h2>RedenHair \u00dcr\u00fcnlerini Nereden Alaca\u011f\u0131m\u0131 S\u00f6yler Misiniz?<\/h2>\n<p>Sadece \u015firketin web sitesini ziyaret etmek veya g\u00f6rsele t\u0131klamak sizi RedenHair Price'\u0131 sat\u0131n alabilece\u011finiz sipari\u015f sayfas\u0131na y\u00f6nlendirecektir. \u015eimdi, sadece ad\u0131n\u0131z\u0131 ve telefon numaran\u0131z\u0131 uygun alanlara girin ve &#8220;Onayla&#8221; d\u00fc\u011fmesine bas\u0131n.<\/p>\n<p>Bir \u015firketin web sitesinde sipari\u015f verirseniz, sat\u0131\u015f\u0131 onaylamak ve tamamlamak i\u00e7in \u015firketin operasyonlar\u0131ndan bir telefon al\u0131rs\u0131n\u0131z. Bu \u00fcr\u00fcn hem \u00fcreticinin web sitesinde hem de RedenHair eczanesinde sat\u0131lmaktad\u0131r. Asl\u0131nda ikisinden birini se\u00e7ebilirsiniz.<\/p>\n<p>Bu i\u015flemin ard\u0131ndan \u00fcr\u00fcn kap\u0131n\u0131za kadar teslim edilir, b\u00f6ylece daha sa\u011fl\u0131kl\u0131 ad\u0131mlar atmaya hemen ba\u015flayabilirsiniz.<\/p>\n<p style=\"text-align: center;\"><span style=\"color: #00ff00;\"><a style=\"color: #00ff00;\" href=\"https:\/\/todaykhoe.com\/emir-redenhair-tr\"><span style=\"font-size: 14pt;\"><b>\u25baBURADAN TALEP ED\u0130N \u2013 \u201cRESM\u0130 WEB S\u0130TES\u0130 SATIN ALIN\u201d\u25c4<\/b><\/span><\/a><\/span><\/p>\n<p><a href=\"https:\/\/todaykhoe.com\/emir-redenhair-tr\"><img loading=\"lazy\" decoding=\"async\" class=\"aligncenter size-full wp-image-68798\" src=\"https:\/\/todaykhoe.com\/wp-content\/uploads\/2023\/03\/RedenHair-Order.png\" alt=\"RedenHair Emir\" width=\"1191\" height=\"652\" srcset=\"https:\/\/www.todaykhoe.com\/wp-content\/uploads\/2023\/03\/RedenHair-Order.png 1191w, https:\/\/www.todaykhoe.com\/wp-content\/uploads\/2023\/03\/RedenHair-Order-600x328.png 600w, https:\/\/www.todaykhoe.com\/wp-content\/uploads\/2023\/03\/RedenHair-Order-300x164.png 300w, https:\/\/www.todaykhoe.com\/wp-content\/uploads\/2023\/03\/RedenHair-Order-1024x561.png 1024w, https:\/\/www.todaykhoe.com\/wp-content\/uploads\/2023\/03\/RedenHair-Order-768x420.png 768w\" sizes=\"auto, (max-width: 1191px) 100vw, 1191px\" \/><\/a><\/p>\n<p><b>\u00c7\u00f6z\u00fcm<\/b><\/p>\n<p>G\u00fczel ve sa\u011fl\u0131kl\u0131 sa\u00e7lara sahip olmak istiyorsan\u0131z RedenHair Serum arad\u0131\u011f\u0131n\u0131z \u00e7\u00f6z\u00fcm olabilir. Parlakl\u0131\u011f\u0131 art\u0131rmak, y\u0131pranm\u0131\u015f sa\u00e7lar\u0131 onarmak, gelecekte olu\u015fabilecek hasarlar\u0131 \u00f6nlemek, sa\u00e7 derisini beslemek ve elektriklenmeyi yumu\u015fatmak gibi \u00e7ok \u00e7e\u015fitli sorunlara yard\u0131mc\u0131 olan do\u011fal bir sa\u00e7 bak\u0131m \u00fcr\u00fcn\u00fcd\u00fcr.<\/p>\n<p>RedenHair Serum ile en iyi sonu\u00e7lar\u0131 g\u00f6rmek istiyorsan\u0131z, en iyisi d\u00fczenli olarak ve \u00f6nerilen dozda kullanmakt\u0131r. Bu devrim niteli\u011findeki sa\u00e7 bak\u0131m \u00fcr\u00fcn\u00fcn\u00fcn faydalar\u0131n\u0131 en \u00fcst d\u00fczeye \u00e7\u0131karmak i\u00e7in bu makaleyi bir k\u0131lavuz olarak kullan\u0131n. RedenHair Serum ile sa\u00e7lar\u0131n\u0131z\u0131 her g\u00f6r\u00fcn\u00fcme uyum sa\u011flayacak kadar \u00e7ok y\u00f6nl\u00fc l\u00fcks buklelere d\u00f6n\u00fc\u015ft\u00fcrebilirsiniz.<\/p>\n<h3>(SSS) S\u0131k\u00e7a Sorulan Sorular<\/h3>\n<blockquote><p><em>S. RedenHair Serum t\u00fcm sa\u00e7 tipleri i\u00e7in uygun mudur?<\/em><\/p><\/blockquote>\n<p>C. Evet, RedenHair Serum t\u00fcm sa\u00e7 tipleri i\u00e7in uygundur. Sa\u00e7\u0131 besleyen ve koruyan do\u011fal i\u00e7eriklerle form\u00fcle edilmi\u015ftir, bu da onu t\u00fcm sa\u00e7 tipleri i\u00e7in ideal hale getirir.<\/p>\n<blockquote><p>S. RedenHair Serum her g\u00fcn <em>kullan\u0131labilir<\/em> mi?<\/p><\/blockquote>\n<p>C. Evet, RedenHair Serum g\u00fcnl\u00fck olarak kullan\u0131labilir. Ancak, birikmeyi \u00f6nlemek i\u00e7in \u00f6l\u00e7\u00fcl\u00fc olarak kullan\u0131lmas\u0131 \u00f6nerilir.<\/p>\n<blockquote><p><em>S. Sonu\u00e7lar\u0131 g\u00f6rmek ne kadar s\u00fcrer?<\/em><\/p><\/blockquote>\n<p>C. RedenHair Serum'u birka\u00e7 kez kulland\u0131ktan sonra sonu\u00e7lar\u0131 g\u00f6rmeyi bekleyebilirsiniz. Ancak en iyi sonu\u00e7 i\u00e7in serumun en az d\u00f6rt hafta d\u00fczenli olarak kullan\u0131lmas\u0131 \u00f6nerilir.<\/p>\n<blockquote><p><em>S. RedenHair Serum kullanmak g\u00fcvenli midir?<\/em><\/p><\/blockquote>\n<p>C. Evet, RedenHair Serum'un kullan\u0131m\u0131 g\u00fcvenlidir. Sa\u00e7a ve sa\u00e7 derisine nazik davranan do\u011fal i\u00e7eriklerle form\u00fcle edilmi\u015ftir.<\/p>\n<p style=\"text-align: center;\"><a style=\"color: #00ff00;\" href=\"https:\/\/todaykhoe.com\/emir-redenhair-tr\"><span style=\"font-size: 14pt;\"><b>\u25baBURADAN TALEP ED\u0130N \u2013 \u201cRESM\u0130 WEB S\u0130TES\u0130 SATIN ALIN\u201d\u25c4<\/b><\/span><\/a><\/p>\n","protected":false},"excerpt":{"rendered":"<p>Bilim adamlar\u0131, sa\u00e7 d\u00f6k\u00fclmesini durdurmak ve yeni sa\u00e7 b\u00fcy\u00fcmesini desteklemek amac\u0131yla RedenHair Serum&#8217;u yaratt\u0131. Bu strateji kullan\u0131larak iki hedef ayn\u0131 anda kar\u015f\u0131lanabilir. Bu serum tamamen do\u011fal bile\u015fenlerden yap\u0131lm\u0131\u015ft\u0131r ve etkinli\u011fi kapsaml\u0131 klinik deneylerle do\u011frulanm\u0131\u015ft\u0131r. Bu yaz\u0131m\u0131zda RedenHair Serum&#8217;un \u00f6zg\u00fcveninizi geri kazanman\u0131za nas\u0131l yard\u0131mc\u0131 olabilece\u011finden bahsedece\u011fiz ve hemen kullanmaya nas\u0131l ba\u015flayabilece\u011finizi anlataca\u011f\u0131z. RedenHair Serum&#8217;un size nas\u0131l [&hellip;]<\/p>\n","protected":false},"author":1,"featured_media":68798,"comment_status":"open","ping_status":"open","sticky":false,"template":"","format":"standard","meta":{"footnotes":""},"categories":[278],"tags":[],"class_list":["post-68764","post","type-post","status-publish","format-standard","has-post-thumbnail","hentry","category-sac-bakimi"],"yoast_head":"<!-- This site is optimized with the Yoast SEO plugin v27.3 - https:\/\/yoast.com\/product\/yoast-seo-wordpress\/ -->\n<title>RedenHair Serum Fiyat T\u00fcrkiye: Ger\u00e7ekten \u00c7al\u0131\u015f\u0131yor mu? Yorumlar<\/title>\n<meta name=\"description\" content=\"RedenHair Serum sa\u00e7 d\u00f6k\u00fclmesine faydal\u0131d\u0131r. \u00d6zellikle sa\u00e7 d\u00f6k\u00fclmesi i\u00e7in faydal\u0131 olan \u00e7ok say\u0131da faydal\u0131 bile\u015fen i\u00e7erir. Serum Fiyat 249 TL\" \/>\n<meta name=\"robots\" content=\"index, follow, max-snippet:-1, max-image-preview:large, max-video-preview:-1\" \/>\n<link rel=\"canonical\" href=\"https:\/\/www.todaykhoe.com\/tr\/redenhair-serum-fiyat-turkiye\/\" \/>\n<meta property=\"og:locale\" content=\"tr_TR\" \/>\n<meta property=\"og:type\" content=\"article\" \/>\n<meta property=\"og:title\" content=\"RedenHair Serum Fiyat T\u00fcrkiye: Ger\u00e7ekten \u00c7al\u0131\u015f\u0131yor mu? Yorumlar\" \/>\n<meta property=\"og:description\" content=\"RedenHair Serum sa\u00e7 d\u00f6k\u00fclmesine faydal\u0131d\u0131r. \u00d6zellikle sa\u00e7 d\u00f6k\u00fclmesi i\u00e7in faydal\u0131 olan \u00e7ok say\u0131da faydal\u0131 bile\u015fen i\u00e7erir. Serum Fiyat 249 TL\" \/>\n<meta property=\"og:url\" content=\"https:\/\/www.todaykhoe.com\/tr\/redenhair-serum-fiyat-turkiye\/\" \/>\n<meta property=\"og:site_name\" content=\"TodayKh\u1ecfe.Com\" \/>\n<meta property=\"article:published_time\" content=\"2023-03-01T05:13:44+00:00\" \/>\n<meta property=\"article:modified_time\" content=\"2023-03-01T11:54:35+00:00\" \/>\n<meta property=\"og:image\" content=\"https:\/\/www.todaykhoe.com\/wp-content\/uploads\/2023\/03\/RedenHair-Order.png\" \/>\n\t<meta property=\"og:image:width\" content=\"1191\" \/>\n\t<meta property=\"og:image:height\" content=\"652\" \/>\n\t<meta property=\"og:image:type\" content=\"image\/png\" \/>\n<meta name=\"author\" content=\"admin\" \/>\n<meta name=\"twitter:card\" content=\"summary_large_image\" \/>\n<meta name=\"twitter:label1\" content=\"Yazan:\" \/>\n\t<meta name=\"twitter:data1\" content=\"admin\" \/>\n\t<meta name=\"twitter:label2\" content=\"Tahmini okuma s\u00fcresi\" \/>\n\t<meta name=\"twitter:data2\" content=\"7 dakika\" \/>\n<script type=\"application\/ld+json\" class=\"yoast-schema-graph\">{\"@context\":\"https:\\\/\\\/schema.org\",\"@graph\":[{\"@type\":\"Article\",\"@id\":\"https:\\\/\\\/www.todaykhoe.com\\\/tr\\\/redenhair-serum-fiyat-turkiye\\\/#article\",\"isPartOf\":{\"@id\":\"https:\\\/\\\/www.todaykhoe.com\\\/tr\\\/redenhair-serum-fiyat-turkiye\\\/\"},\"author\":{\"name\":\"admin\",\"@id\":\"https:\\\/\\\/www.todaykhoe.com\\\/#\\\/schema\\\/person\\\/8f3babbefbd87fe004c0aff7b7ddccc7\"},\"headline\":\"RedenHair Serum Fiyat T\u00fcrkiye: Ger\u00e7ekten \u00c7al\u0131\u015f\u0131yor mu? Yorumlar\",\"datePublished\":\"2023-03-01T05:13:44+00:00\",\"dateModified\":\"2023-03-01T11:54:35+00:00\",\"mainEntityOfPage\":{\"@id\":\"https:\\\/\\\/www.todaykhoe.com\\\/tr\\\/redenhair-serum-fiyat-turkiye\\\/\"},\"wordCount\":1447,\"commentCount\":0,\"publisher\":{\"@id\":\"https:\\\/\\\/www.todaykhoe.com\\\/#organization\"},\"image\":{\"@id\":\"https:\\\/\\\/www.todaykhoe.com\\\/tr\\\/redenhair-serum-fiyat-turkiye\\\/#primaryimage\"},\"thumbnailUrl\":\"https:\\\/\\\/www.todaykhoe.com\\\/wp-content\\\/uploads\\\/2023\\\/03\\\/RedenHair-Order.png\",\"articleSection\":[\"Sa\u00e7 Bak\u0131m\u0131\"],\"inLanguage\":\"tr\",\"potentialAction\":[{\"@type\":\"CommentAction\",\"name\":\"Comment\",\"target\":[\"https:\\\/\\\/www.todaykhoe.com\\\/tr\\\/redenhair-serum-fiyat-turkiye\\\/#respond\"]}]},{\"@type\":\"WebPage\",\"@id\":\"https:\\\/\\\/www.todaykhoe.com\\\/tr\\\/redenhair-serum-fiyat-turkiye\\\/\",\"url\":\"https:\\\/\\\/www.todaykhoe.com\\\/tr\\\/redenhair-serum-fiyat-turkiye\\\/\",\"name\":\"RedenHair Serum Fiyat T\u00fcrkiye: Ger\u00e7ekten \u00c7al\u0131\u015f\u0131yor mu? Yorumlar\",\"isPartOf\":{\"@id\":\"https:\\\/\\\/www.todaykhoe.com\\\/#website\"},\"primaryImageOfPage\":{\"@id\":\"https:\\\/\\\/www.todaykhoe.com\\\/tr\\\/redenhair-serum-fiyat-turkiye\\\/#primaryimage\"},\"image\":{\"@id\":\"https:\\\/\\\/www.todaykhoe.com\\\/tr\\\/redenhair-serum-fiyat-turkiye\\\/#primaryimage\"},\"thumbnailUrl\":\"https:\\\/\\\/www.todaykhoe.com\\\/wp-content\\\/uploads\\\/2023\\\/03\\\/RedenHair-Order.png\",\"datePublished\":\"2023-03-01T05:13:44+00:00\",\"dateModified\":\"2023-03-01T11:54:35+00:00\",\"description\":\"RedenHair Serum sa\u00e7 d\u00f6k\u00fclmesine faydal\u0131d\u0131r. \u00d6zellikle sa\u00e7 d\u00f6k\u00fclmesi i\u00e7in faydal\u0131 olan \u00e7ok say\u0131da faydal\u0131 bile\u015fen i\u00e7erir. Serum Fiyat 249 TL\",\"breadcrumb\":{\"@id\":\"https:\\\/\\\/www.todaykhoe.com\\\/tr\\\/redenhair-serum-fiyat-turkiye\\\/#breadcrumb\"},\"inLanguage\":\"tr\",\"potentialAction\":[{\"@type\":\"ReadAction\",\"target\":[\"https:\\\/\\\/www.todaykhoe.com\\\/tr\\\/redenhair-serum-fiyat-turkiye\\\/\"]}]},{\"@type\":\"ImageObject\",\"inLanguage\":\"tr\",\"@id\":\"https:\\\/\\\/www.todaykhoe.com\\\/tr\\\/redenhair-serum-fiyat-turkiye\\\/#primaryimage\",\"url\":\"https:\\\/\\\/www.todaykhoe.com\\\/wp-content\\\/uploads\\\/2023\\\/03\\\/RedenHair-Order.png\",\"contentUrl\":\"https:\\\/\\\/www.todaykhoe.com\\\/wp-content\\\/uploads\\\/2023\\\/03\\\/RedenHair-Order.png\",\"width\":1191,\"height\":652,\"caption\":\"RedenHair Emir\"},{\"@type\":\"BreadcrumbList\",\"@id\":\"https:\\\/\\\/www.todaykhoe.com\\\/tr\\\/redenhair-serum-fiyat-turkiye\\\/#breadcrumb\",\"itemListElement\":[{\"@type\":\"ListItem\",\"position\":1,\"name\":\"Home\",\"item\":\"https:\\\/\\\/www.todaykhoe.com\\\/\"},{\"@type\":\"ListItem\",\"position\":2,\"name\":\"RedenHair Serum Fiyat T\u00fcrkiye: Ger\u00e7ekten \u00c7al\u0131\u015f\u0131yor mu? Yorumlar\"}]},{\"@type\":\"WebSite\",\"@id\":\"https:\\\/\\\/www.todaykhoe.com\\\/#website\",\"url\":\"https:\\\/\\\/www.todaykhoe.com\\\/\",\"name\":\"TodayKh\u1ecfe.Com\",\"description\":\"Healthy Today, Fitness, Nutrition, Beauty, News!\",\"publisher\":{\"@id\":\"https:\\\/\\\/www.todaykhoe.com\\\/#organization\"},\"potentialAction\":[{\"@type\":\"SearchAction\",\"target\":{\"@type\":\"EntryPoint\",\"urlTemplate\":\"https:\\\/\\\/www.todaykhoe.com\\\/?s={search_term_string}\"},\"query-input\":{\"@type\":\"PropertyValueSpecification\",\"valueRequired\":true,\"valueName\":\"search_term_string\"}}],\"inLanguage\":\"tr\"},{\"@type\":\"Organization\",\"@id\":\"https:\\\/\\\/www.todaykhoe.com\\\/#organization\",\"name\":\"TodayKh\u1ecfe.Com\",\"url\":\"https:\\\/\\\/www.todaykhoe.com\\\/\",\"logo\":{\"@type\":\"ImageObject\",\"inLanguage\":\"tr\",\"@id\":\"https:\\\/\\\/www.todaykhoe.com\\\/#\\\/schema\\\/logo\\\/image\\\/\",\"url\":\"https:\\\/\\\/www.todaykhoe.com\\\/wp-content\\\/uploads\\\/2025\\\/04\\\/Todaykhoe.png\",\"contentUrl\":\"https:\\\/\\\/www.todaykhoe.com\\\/wp-content\\\/uploads\\\/2025\\\/04\\\/Todaykhoe.png\",\"width\":706,\"height\":159,\"caption\":\"TodayKh\u1ecfe.Com\"},\"image\":{\"@id\":\"https:\\\/\\\/www.todaykhoe.com\\\/#\\\/schema\\\/logo\\\/image\\\/\"}},{\"@type\":\"Person\",\"@id\":\"https:\\\/\\\/www.todaykhoe.com\\\/#\\\/schema\\\/person\\\/8f3babbefbd87fe004c0aff7b7ddccc7\",\"name\":\"admin\",\"image\":{\"@type\":\"ImageObject\",\"inLanguage\":\"tr\",\"@id\":\"https:\\\/\\\/secure.gravatar.com\\\/avatar\\\/e54d7341ba7a4f13346f5f05cd4e53860c679bf0284ba43bcc0f7c6069d43e27?s=96&d=mm&r=g\",\"url\":\"https:\\\/\\\/secure.gravatar.com\\\/avatar\\\/e54d7341ba7a4f13346f5f05cd4e53860c679bf0284ba43bcc0f7c6069d43e27?s=96&d=mm&r=g\",\"contentUrl\":\"https:\\\/\\\/secure.gravatar.com\\\/avatar\\\/e54d7341ba7a4f13346f5f05cd4e53860c679bf0284ba43bcc0f7c6069d43e27?s=96&d=mm&r=g\",\"caption\":\"admin\"},\"sameAs\":[\"https:\\\/\\\/todaykhoe.com\"],\"url\":\"https:\\\/\\\/www.todaykhoe.com\\\/tr\\\/author\\\/admin\\\/\"}]}<\/script>\n<!-- \/ Yoast SEO plugin. -->","yoast_head_json":{"title":"RedenHair Serum Fiyat T\u00fcrkiye: Ger\u00e7ekten \u00c7al\u0131\u015f\u0131yor mu? Yorumlar","description":"RedenHair Serum sa\u00e7 d\u00f6k\u00fclmesine faydal\u0131d\u0131r. \u00d6zellikle sa\u00e7 d\u00f6k\u00fclmesi i\u00e7in faydal\u0131 olan \u00e7ok say\u0131da faydal\u0131 bile\u015fen i\u00e7erir. Serum Fiyat 249 TL","robots":{"index":"index","follow":"follow","max-snippet":"max-snippet:-1","max-image-preview":"max-image-preview:large","max-video-preview":"max-video-preview:-1"},"canonical":"https:\/\/www.todaykhoe.com\/tr\/redenhair-serum-fiyat-turkiye\/","og_locale":"tr_TR","og_type":"article","og_title":"RedenHair Serum Fiyat T\u00fcrkiye: Ger\u00e7ekten \u00c7al\u0131\u015f\u0131yor mu? Yorumlar","og_description":"RedenHair Serum sa\u00e7 d\u00f6k\u00fclmesine faydal\u0131d\u0131r. \u00d6zellikle sa\u00e7 d\u00f6k\u00fclmesi i\u00e7in faydal\u0131 olan \u00e7ok say\u0131da faydal\u0131 bile\u015fen i\u00e7erir. Serum Fiyat 249 TL","og_url":"https:\/\/www.todaykhoe.com\/tr\/redenhair-serum-fiyat-turkiye\/","og_site_name":"TodayKh\u1ecfe.Com","article_published_time":"2023-03-01T05:13:44+00:00","article_modified_time":"2023-03-01T11:54:35+00:00","og_image":[{"width":1191,"height":652,"url":"https:\/\/www.todaykhoe.com\/wp-content\/uploads\/2023\/03\/RedenHair-Order.png","type":"image\/png"}],"author":"admin","twitter_card":"summary_large_image","twitter_misc":{"Yazan:":"admin","Tahmini okuma s\u00fcresi":"7 dakika"},"schema":{"@context":"https:\/\/schema.org","@graph":[{"@type":"Article","@id":"https:\/\/www.todaykhoe.com\/tr\/redenhair-serum-fiyat-turkiye\/#article","isPartOf":{"@id":"https:\/\/www.todaykhoe.com\/tr\/redenhair-serum-fiyat-turkiye\/"},"author":{"name":"admin","@id":"https:\/\/www.todaykhoe.com\/#\/schema\/person\/8f3babbefbd87fe004c0aff7b7ddccc7"},"headline":"RedenHair Serum Fiyat T\u00fcrkiye: Ger\u00e7ekten \u00c7al\u0131\u015f\u0131yor mu? Yorumlar","datePublished":"2023-03-01T05:13:44+00:00","dateModified":"2023-03-01T11:54:35+00:00","mainEntityOfPage":{"@id":"https:\/\/www.todaykhoe.com\/tr\/redenhair-serum-fiyat-turkiye\/"},"wordCount":1447,"commentCount":0,"publisher":{"@id":"https:\/\/www.todaykhoe.com\/#organization"},"image":{"@id":"https:\/\/www.todaykhoe.com\/tr\/redenhair-serum-fiyat-turkiye\/#primaryimage"},"thumbnailUrl":"https:\/\/www.todaykhoe.com\/wp-content\/uploads\/2023\/03\/RedenHair-Order.png","articleSection":["Sa\u00e7 Bak\u0131m\u0131"],"inLanguage":"tr","potentialAction":[{"@type":"CommentAction","name":"Comment","target":["https:\/\/www.todaykhoe.com\/tr\/redenhair-serum-fiyat-turkiye\/#respond"]}]},{"@type":"WebPage","@id":"https:\/\/www.todaykhoe.com\/tr\/redenhair-serum-fiyat-turkiye\/","url":"https:\/\/www.todaykhoe.com\/tr\/redenhair-serum-fiyat-turkiye\/","name":"RedenHair Serum Fiyat T\u00fcrkiye: Ger\u00e7ekten \u00c7al\u0131\u015f\u0131yor mu? Yorumlar","isPartOf":{"@id":"https:\/\/www.todaykhoe.com\/#website"},"primaryImageOfPage":{"@id":"https:\/\/www.todaykhoe.com\/tr\/redenhair-serum-fiyat-turkiye\/#primaryimage"},"image":{"@id":"https:\/\/www.todaykhoe.com\/tr\/redenhair-serum-fiyat-turkiye\/#primaryimage"},"thumbnailUrl":"https:\/\/www.todaykhoe.com\/wp-content\/uploads\/2023\/03\/RedenHair-Order.png","datePublished":"2023-03-01T05:13:44+00:00","dateModified":"2023-03-01T11:54:35+00:00","description":"RedenHair Serum sa\u00e7 d\u00f6k\u00fclmesine faydal\u0131d\u0131r. \u00d6zellikle sa\u00e7 d\u00f6k\u00fclmesi i\u00e7in faydal\u0131 olan \u00e7ok say\u0131da faydal\u0131 bile\u015fen i\u00e7erir. Serum Fiyat 249 TL","breadcrumb":{"@id":"https:\/\/www.todaykhoe.com\/tr\/redenhair-serum-fiyat-turkiye\/#breadcrumb"},"inLanguage":"tr","potentialAction":[{"@type":"ReadAction","target":["https:\/\/www.todaykhoe.com\/tr\/redenhair-serum-fiyat-turkiye\/"]}]},{"@type":"ImageObject","inLanguage":"tr","@id":"https:\/\/www.todaykhoe.com\/tr\/redenhair-serum-fiyat-turkiye\/#primaryimage","url":"https:\/\/www.todaykhoe.com\/wp-content\/uploads\/2023\/03\/RedenHair-Order.png","contentUrl":"https:\/\/www.todaykhoe.com\/wp-content\/uploads\/2023\/03\/RedenHair-Order.png","width":1191,"height":652,"caption":"RedenHair Emir"},{"@type":"BreadcrumbList","@id":"https:\/\/www.todaykhoe.com\/tr\/redenhair-serum-fiyat-turkiye\/#breadcrumb","itemListElement":[{"@type":"ListItem","position":1,"name":"Home","item":"https:\/\/www.todaykhoe.com\/"},{"@type":"ListItem","position":2,"name":"RedenHair Serum Fiyat T\u00fcrkiye: Ger\u00e7ekten \u00c7al\u0131\u015f\u0131yor mu? Yorumlar"}]},{"@type":"WebSite","@id":"https:\/\/www.todaykhoe.com\/#website","url":"https:\/\/www.todaykhoe.com\/","name":"TodayKh\u1ecfe.Com","description":"Healthy Today, Fitness, Nutrition, Beauty, News!","publisher":{"@id":"https:\/\/www.todaykhoe.com\/#organization"},"potentialAction":[{"@type":"SearchAction","target":{"@type":"EntryPoint","urlTemplate":"https:\/\/www.todaykhoe.com\/?s={search_term_string}"},"query-input":{"@type":"PropertyValueSpecification","valueRequired":true,"valueName":"search_term_string"}}],"inLanguage":"tr"},{"@type":"Organization","@id":"https:\/\/www.todaykhoe.com\/#organization","name":"TodayKh\u1ecfe.Com","url":"https:\/\/www.todaykhoe.com\/","logo":{"@type":"ImageObject","inLanguage":"tr","@id":"https:\/\/www.todaykhoe.com\/#\/schema\/logo\/image\/","url":"https:\/\/www.todaykhoe.com\/wp-content\/uploads\/2025\/04\/Todaykhoe.png","contentUrl":"https:\/\/www.todaykhoe.com\/wp-content\/uploads\/2025\/04\/Todaykhoe.png","width":706,"height":159,"caption":"TodayKh\u1ecfe.Com"},"image":{"@id":"https:\/\/www.todaykhoe.com\/#\/schema\/logo\/image\/"}},{"@type":"Person","@id":"https:\/\/www.todaykhoe.com\/#\/schema\/person\/8f3babbefbd87fe004c0aff7b7ddccc7","name":"admin","image":{"@type":"ImageObject","inLanguage":"tr","@id":"https:\/\/secure.gravatar.com\/avatar\/e54d7341ba7a4f13346f5f05cd4e53860c679bf0284ba43bcc0f7c6069d43e27?s=96&d=mm&r=g","url":"https:\/\/secure.gravatar.com\/avatar\/e54d7341ba7a4f13346f5f05cd4e53860c679bf0284ba43bcc0f7c6069d43e27?s=96&d=mm&r=g","contentUrl":"https:\/\/secure.gravatar.com\/avatar\/e54d7341ba7a4f13346f5f05cd4e53860c679bf0284ba43bcc0f7c6069d43e27?s=96&d=mm&r=g","caption":"admin"},"sameAs":["https:\/\/todaykhoe.com"],"url":"https:\/\/www.todaykhoe.com\/tr\/author\/admin\/"}]}},"_links":{"self":[{"href":"https:\/\/www.todaykhoe.com\/tr\/wp-json\/wp\/v2\/posts\/68764","targetHints":{"allow":["GET"]}}],"collection":[{"href":"https:\/\/www.todaykhoe.com\/tr\/wp-json\/wp\/v2\/posts"}],"about":[{"href":"https:\/\/www.todaykhoe.com\/tr\/wp-json\/wp\/v2\/types\/post"}],"author":[{"embeddable":true,"href":"https:\/\/www.todaykhoe.com\/tr\/wp-json\/wp\/v2\/users\/1"}],"replies":[{"embeddable":true,"href":"https:\/\/www.todaykhoe.com\/tr\/wp-json\/wp\/v2\/comments?post=68764"}],"version-history":[{"count":7,"href":"https:\/\/www.todaykhoe.com\/tr\/wp-json\/wp\/v2\/posts\/68764\/revisions"}],"predecessor-version":[{"id":69575,"href":"https:\/\/www.todaykhoe.com\/tr\/wp-json\/wp\/v2\/posts\/68764\/revisions\/69575"}],"wp:featuredmedia":[{"embeddable":true,"href":"https:\/\/www.todaykhoe.com\/tr\/wp-json\/wp\/v2\/media\/68798"}],"wp:attachment":[{"href":"https:\/\/www.todaykhoe.com\/tr\/wp-json\/wp\/v2\/media?parent=68764"}],"wp:term":[{"taxonomy":"category","embeddable":true,"href":"https:\/\/www.todaykhoe.com\/tr\/wp-json\/wp\/v2\/categories?post=68764"},{"taxonomy":"post_tag","embeddable":true,"href":"https:\/\/www.todaykhoe.com\/tr\/wp-json\/wp\/v2\/tags?post=68764"}],"curies":[{"name":"wp","href":"https:\/\/api.w.org\/{rel}","templated":true}]}}