{"id":87807,"date":"2023-04-08T05:00:16","date_gmt":"2023-04-08T05:00:16","guid":{"rendered":"https:\/\/todaykhoe.com\/?p=87807"},"modified":"2023-04-12T03:53:39","modified_gmt":"2023-04-12T03:53:39","slug":"earlick-forte-kapszula-hungary","status":"publish","type":"post","link":"https:\/\/www.todaykhoe.com\/hu\/earlick-forte-kapszula-hungary\/","title":{"rendered":"Earlick Forte: Kapszula, Haszn\u00e1lat, El\u0151ny\u00f6k, \u00c1r, Hat\u00e1s, Munka (Hungary)"},"content":{"rendered":"<p>Earlick Forte korral j\u00e1r\u00f3 hall\u00e1sk\u00e1rosod\u00e1sa nem azonnal nyilv\u00e1nval\u00f3. Az \u00e9letkorral \u00f6sszef\u00fcgg\u0151 s\u00fckets\u00e9get gyakran a nagyfrekvenci\u00e1s hall\u00e1s cs\u00f6kken\u00e9se jellemzi. A legt\u00f6bb embernek neh\u00e9zs\u00e9gei vannak a besz\u00e9lget\u00e9s meghallgat\u00e1s\u00e1val, ha nagy zaj van a h\u00e1tt\u00e9rben. Ez azt eredm\u00e9nyezi, hogy m\u00e9g jobban felemelt\u00e9k a hangjukat, mint kor\u00e1bban. M\u00edg a hall\u00f3k\u00e9sz\u00fcl\u00e9kek bizonyos embereknek seg\u00edtenek, a tanulm\u00e1nyok azt mutatj\u00e1k, hogy az id\u0151sek t\u00f6bbs\u00e9g\u00e9nek a haszn\u00e1lata nem jav\u00edtja jelent\u0151sen az \u00e9letmin\u0151s\u00e9g\u00fcket.<\/p>\n<p>A hall\u00f3k\u00e9sz\u00fcl\u00e9keket nem mindig fogadj\u00e1k el lelkesen, mert a hang nem olyan, mint amit az emberek hallani szoktak, \u00e9s mert a hang nem olyan, mint amit az emberek hallani szoktak. V\u00e9lem\u00e9nyek Vezet\u0151k\u00e9pess\u00e9ggel kapcsolatos hall\u00e1scs\u00f6kken\u00e9s, Vezet\u0151k\u00e9pess\u00e9ggel kapcsolatos hall\u00e1scs\u00f6kken\u00e9s: A vezet\u0151k\u00e9pess\u00e9ggel kapcsolatos hall\u00e1sk\u00e1rosod\u00e1s a k\u00fcls\u0151 f\u00fclb\u0151l \u2013 ak\u00e1r a dobh\u00e1rty\u00e1b\u00f3l, ak\u00e1r a k\u00f6z\u00e9pf\u00fclb\u0151l \u2013 ered\u0151 hall\u00e1sk\u00e1rosod\u00e1sra utal. El\u0151fordulhat, hogy a timpanon megnagyobbodik vagy kilyukad. N\u00e9ha leveg\u0151 helyett folyad\u00e9k tal\u00e1lhat\u00f3 a k\u00f6z\u00e9pf\u00fclben. Az Earlick Forte \u00e9s a tart\u00f3 bizonyos esetekben r\u00f6gz\u00edthet\u0151, \u00e9s mindig fenn\u00e1ll a csontk\u00e1rosod\u00e1s vagy esetleg elt\u00e1vol\u00edt\u00e1s vesz\u00e9lye. Az otosclerosis ezt a betegs\u00e9get \u00edrja le. Vezet\u0151k\u00e9pess\u00e9ggel \u00f6sszef\u00fcgg\u0151 hall\u00e1sk\u00e1rosod\u00e1s okai Vezet\u0151k\u00e9pess\u00e9ggel \u00f6sszef\u00fcgg\u0151 hall\u00e1sveszt\u00e9s Ha az egyik f\u00fclet \u00e9ri a vezet\u0151k\u00e9pes hall\u00e1sk\u00e1rosod\u00e1s, a m\u00e1sik f\u00fcl elker\u00fclhetetlen\u00fcl hasonl\u00f3 k\u00e1rosod\u00e1st szenved. Egy hall\u00e1ss\u00e9r\u00fclt szem\u00e9ly ennek ellen\u00e9re k\u00e9pes lehet meg\u00e9rteni, amit m\u00e1soknak mond. A f\u00fclben \u00e1lland\u00f3 nyom\u00e1s\u00e9rz\u00e9s is lesz. A f\u00fclcseppek nem felt\u00e9tlen\u00fcl hasznosak a tart\u00f3san fenn\u00e1ll\u00f3 k\u00f6z\u00e9pf\u00fclgyullad\u00e1s kezel\u00e9s\u00e9ben, amely kondukt\u00edv hall\u00e1sk\u00e1rosod\u00e1st okoz.<\/p>\n<p>Az Earlick Forte n\u00e9v olyan, amelyre sok nagyothall\u00f3 embernek eml\u00e9keznie kell. Az alacsony \u00e1ron \u00e9rt\u00e9kes\u00edtett kis sz\u00e1m\u00fa kapszula ezt a becenevet viseli. Ha nemr\u00e9giben azt vette \u00e9szre, hogy nem hallja a t\u00e9v\u00e9t, az irodai pletyk\u00e1kat, vagy ak\u00e1r a saj\u00e1t gyerekeit sem, amikor l\u00e1rmazik, akkor \u00e9rdemes kipr\u00f3b\u00e1lnia ezt az \u00fajszer\u0171 term\u00e9szetes megold\u00e1st. A lengyelek \u00e1ltal egy online f\u00f3rumon k\u00f6zz\u00e9tett v\u00e1s\u00e1rl\u00f3i v\u00e9lem\u00e9nyek t\u00f6bbnyire pozit\u00edvak. Az \u00fcgyfelek hall\u00e1suk ak\u00e1r 70%-os javul\u00e1s\u00e1r\u00f3l sz\u00e1moltak be. Olvassa el jelent\u00e9s\u00fcnk mai sz\u00e1m\u00e1t, hogy m\u00e9lyrehat\u00f3an \u00e1ttekintse az Earlick Forte legut\u00f3bbi tev\u00e9kenys\u00e9g\u00e9t.<\/p>\n<p style=\"text-align: center;\"><span style=\"color: #00ffff;\"><a style=\"color: #00ffff;\" href=\"https:\/\/todaykhoe.com\/buy-earlick-forte-hu\"><span style=\"font-size: 14pt;\"><b>\u25baIG\u00c9NYEL\u00c9S ITT \u2013 \u201eEARLICK FORTE HIVATALOS WEBOLDAL V\u00c1S\u00c1RL\u00c1SA\u201d\u25c4<\/b><\/span><\/a><\/span><\/p>\n<p><a href=\"https:\/\/todaykhoe.com\/buy-earlick-forte-hu\"><img loading=\"lazy\" decoding=\"async\" class=\"aligncenter wp-image-87844 size-medium\" src=\"https:\/\/todaykhoe.com\/wp-content\/uploads\/2023\/04\/Earlick-Forte-165x300.png\" alt=\"Earlick Forte\" width=\"165\" height=\"300\" srcset=\"https:\/\/www.todaykhoe.com\/wp-content\/uploads\/2023\/04\/Earlick-Forte-165x300.png 165w, https:\/\/www.todaykhoe.com\/wp-content\/uploads\/2023\/04\/Earlick-Forte.png 305w\" sizes=\"auto, (max-width: 165px) 100vw, 165px\" \/><\/a><\/p>\n<h3>R\u00f6vid r\u00e9szlet kb EARLICK FORTE<\/h3>\n<table>\n<tbody>\n<tr>\n<td>Term\u00e9k<\/td>\n<td>Earlick Forte<\/td>\n<\/tr>\n<tr>\n<td>\u00c1r<\/td>\n<td>11400 HUF<\/td>\n<\/tr>\n<tr>\n<td>Elhelyezked\u00e9s<\/td>\n<td>Hungary<\/td>\n<\/tr>\n<tr>\n<td>Hol kaphat\u00f3?<\/td>\n<td><span style=\"color: #00ffff;\"><a style=\"color: #00ffff;\" href=\"https:\/\/todaykhoe.com\/hu\/earlick-forte-kapszula-hungary\/\">\u25b6\ufe0f Hivatalos honlapj\u00e1n<\/a><\/span><\/td>\n<\/tr>\n<tr>\n<td>Gy\u00f3gyszert\u00e1rakban kaphat\u00f3<\/td>\n<td>Nem<\/td>\n<\/tr>\n<tr>\n<td>Ez egy \u00e1tver\u00e9s?<\/td>\n<td>\u26d4\ufe0fAz eredeti term\u00e9k m\u0171k\u00f6dik<\/td>\n<\/tr>\n<tr>\n<td>\u00dcgyf\u00e9lv\u00e9lem\u00e9nyek<\/td>\n<td>\u2b50\ufe0fPozit\u00edv<\/td>\n<\/tr>\n<tr>\n<td>Szak\u00e9rt\u0151i v\u00e9lem\u00e9nyek<\/td>\n<td>Aj\u00e1nlott term\u00e9k<\/td>\n<\/tr>\n<tr>\n<td>Hozz\u00e1val\u00f3k<\/td>\n<td>100%-ban term\u00e9szetes<\/td>\n<\/tr>\n<tr>\n<td>K\u00f6nnyen kezelhet\u0151?<\/td>\n<td>Igen, l\u00e1sd az utas\u00edt\u00e1sokat<\/td>\n<\/tr>\n<tr>\n<td>Mell\u00e9khat\u00e1sok<\/td>\n<td>\u274cEgyik sem<\/td>\n<\/tr>\n<tr>\n<td>Eladva az Amazonon<\/td>\n<td>Nem el\u00e9rhet\u0151<\/td>\n<\/tr>\n<\/tbody>\n<\/table>\n<h2>Az Earlick Forte kapszula form\u00e1j\u00e1ban kaphat\u00f3.<\/h2>\n<p>Az Earlick Forte kapszula gy\u00f3gyn\u00f6v\u00e9nyekb\u0151l \u00e9s egy\u00e9b \u00f6sszetev\u0151kb\u0151l k\u00e9sz\u00fclt term\u00e9szetes kieg\u00e9sz\u00edt\u0151, amely bizony\u00edtottan enyh\u00edti a f\u00fcl f\u00e1jdalm\u00e1t \u00e9s kellemetlens\u00e9g\u00e9t, cs\u00f6kkenti a gyullad\u00e1st, \u00e9s megakad\u00e1lyozza a j\u00f6v\u0151beni f\u00fclfert\u0151z\u00e9sek kialakul\u00e1s\u00e1t. Ezek a tablett\u00e1k olyan kieg\u00e9sz\u00edt\u0151k, amelyek hozz\u00e1adhat\u00f3k a napi \u00e9trendhez. Ez az \u00e9trend-kieg\u00e9sz\u00edt\u0151 a szintetikus f\u00fclcseppek \u00e9s antibiotikumok term\u00e9szetes alternat\u00edv\u00e1ja, mindkett\u0151 nem k\u00edv\u00e1nt mell\u00e9khat\u00e1sokat okozhat, \u00e9s el\u0151fordulhat, hogy nem mindenkin\u00e9l m\u0171k\u00f6dik, aki f\u00fclfert\u0151z\u00e9sben szenved.<\/p>\n<p>Ha a term\u00e9szetes gy\u00f3gym\u00f3dokat r\u00e9szes\u00edti el\u0151nyben, vagy valaha is tapasztalt reakci\u00f3kat a hagyom\u00e1nyos f\u00fcl\u00e1pol\u00f3 term\u00e9kekre, az Earlick Forte kapszula lehet a legjobb megold\u00e1s az \u00d6n sz\u00e1m\u00e1ra. Az \u00e9trend-kieg\u00e9sz\u00edt\u0151 tabletta form\u00e1j\u00e1ban kaphat\u00f3, \u00e9s k\u00f6nny\u0171 haszn\u00e1lhat\u00f3s\u00e1ga vonz\u00f3v\u00e1 teszi az elfoglalt emberek sz\u00e1m\u00e1ra.<\/p>\n<p style=\"text-align: center;\"><a style=\"color: #00ffff;\" href=\"https:\/\/todaykhoe.com\/buy-earlick-forte-hu\"><span style=\"font-size: 14pt;\"><b>\u25baIG\u00c9NYEL\u00c9S\u00a0ITT \u2013 \u201eEARLICK FORTE HIVATALOS WEBOLDAL V\u00c1S\u00c1RL\u00c1SA\u201d\u25c4<\/b><\/span><\/a><\/p>\n<h3>Az Earlick Forte el\u0151nyei:<\/h3>\n<p>Az Earlick Forte, a kiv\u00e1l\u00f3 gy\u00f3gyn\u00f6v\u00e9nyes kezel\u00e9s haszn\u00e1lat\u00e1nak sz\u00e1mos el\u0151nye a k\u00f6vetkez\u0151k:<\/p>\n<ul>\n<li>Minden t\u00edpus\u00fa f\u00fclfert\u0151z\u00e9s, bele\u00e9rtve a k\u00f6z\u00e9pf\u00fclgyullad\u00e1st, a k\u00fcls\u0151 f\u00fclgyullad\u00e1st \u00e9s az \u00fasz\u00f3f\u00fclgyullad\u00e1st, j\u00f3l reag\u00e1l erre a kezel\u00e9sre.<\/li>\n<li>Seg\u00edti a hall\u00f3j\u00e1rat irrit\u00e1ci\u00f3j\u00e1t \u00e9s f\u00e1jdalm\u00e1t.<\/li>\n<li>Seg\u00edt cs\u00f6kkenteni a kellemetlen \u00e9rz\u00e9st a ter\u00fcleten, bele\u00e9rtve a viszket\u00e9st, a v\u00e1lad\u00e9koz\u00e1st \u00e9s az \u00f6d\u00e9m\u00e1t.<\/li>\n<li>Jav\u00edtja az immunit\u00e1st, ami viszont cs\u00f6kkenti a j\u00f6v\u0151beni f\u00fclfert\u0151z\u00e9sek el\u0151fordul\u00e1s\u00e1nak val\u00f3sz\u00edn\u0171s\u00e9g\u00e9t.<\/li>\n<\/ul>\n<h4>Tan\u00e1cstalan vagyok, hogyan vegyek be egy Earlick Forte tablett\u00e1t.<\/h4>\n<p>Az Earlick Forte kapszula a gyullad\u00e1s cs\u00f6kkent\u00e9s\u00e9vel \u00e9s az azokat okoz\u00f3 bakt\u00e9riumok lek\u00fczd\u00e9s\u00e9vel f\u00fclfert\u0151z\u00e9sek kezel\u00e9s\u00e9re haszn\u00e1lhat\u00f3. A kieg\u00e9sz\u00edt\u0151 term\u00e9szetes \u00f6sszetev\u0151i \u00e1ltal l\u00e9trehozott szinergikus hat\u00e1s nemcsak enyh\u00edti a f\u00fcl f\u00e1jdalm\u00e1t \u00e9s szenved\u00e9s\u00e9t, hanem seg\u00edt megel\u0151zni a tov\u00e1bbi f\u00fclfert\u0151z\u00e9seket is.<\/p>\n<p>A f\u00fclgyullad\u00e1sok az Earlick Forte tablett\u00e1ban tal\u00e1lhat\u00f3 fokhagymaolaj seg\u00edts\u00e9g\u00e9vel kezelhet\u0151k. A kapszul\u00e1k gyullad\u00e1scs\u00f6kkent\u0151 \u00f6k\u00f6rfarkk\u00f3r\u00f3 olajat \u00e9s f\u00fclnyugtat\u00f3 teafaolajat is tartalmaznak. Az ol\u00edvaolajnak \u00e9s az E-vitaminnak tov\u00e1bbi el\u0151nyei vannak, t\u00f6bbek k\u00f6z\u00f6tt megv\u00e9dik a f\u00fclet a szabad gy\u00f6k\u00f6k k\u00e1ros hat\u00e1sait\u00f3l, \u00e9s feler\u0151s\u00edtik a szervezet saj\u00e1t helyre\u00e1ll\u00edt\u00f3 mechanizmusait.<\/p>\n<h3>V\u00e9lem\u00e9nyek, v\u00e9lem\u00e9nyek \u00e9s javaslatok az Earlick Forte rajong\u00f3b\u00e1zist\u00f3l<\/h3>\n<p>Annak ellen\u00e9re, hogy sok embernek k\u00fcl\u00f6nb\u00f6z\u0151 v\u00e9lem\u00e9nye van az Earlick Forte-r\u00f3l, ez nem akad\u00e1lyozza meg \u00d6nt abban, hogy val\u00f3di fogyaszt\u00f3i megjegyz\u00e9seket olvasson a term\u00e9k m\u0171k\u00f6d\u00e9s\u00e9r\u0151l. Ha t\u00f6rt\u00e9netesen lengyel lakos, akkor k\u00f6nnyen hozz\u00e1f\u00e9rhet a rengeteg v\u00e9lem\u00e9nyhez, amelyeket nemcsak el\u00e9gedett fogyaszt\u00f3k, hanem a ter\u00fclet szak\u00e9rt\u0151i is \u00edrtak. A tablett\u00e1kat a f\u00fcl-orr-g\u00e9g\u00e9szet \u00e9s a f\u00fcl-orr-g\u00e9g\u00e9szeti szakorvosok az egyetlen k\u00f6nnyen el\u00e9rhet\u0151, kock\u00e1zatmentes \u00e9s k\u00f6lts\u00e9ghat\u00e9kony m\u00f3dszer a hall\u00e1s helyre\u00e1ll\u00edt\u00e1s\u00e1ra. A tapasztalataikat megoszt\u00f3k sz\u00e9les k\u00f6rben egyet\u00e9rtenek abban, hogy hall\u00e1sgy\u00f3gyul\u00e1si idej\u00fck val\u00f3ban rendk\u00edv\u00fcli volt. Amikor el\u0151sz\u00f6r hallott\u00e1k, n\u00e9h\u00e1nyan megd\u00f6bbentek, milyen hangoss\u00e1 v\u00e1lt a vil\u00e1g. Ezek az emberek hozz\u00e1szoktak ahhoz az \u00e9lethez, amelyben nagy mennyis\u00e9g\u0171 k\u00f6rnyezeti zaj hi\u00e1nyzik, de gyorsan megkedvelt\u00e9k \u00faj, zajjal teli k\u00f6rnyezet\u00fcket.<\/p>\n<p style=\"text-align: center;\"><a style=\"color: #00ffff;\" href=\"https:\/\/todaykhoe.com\/buy-earlick-forte-hu\"><span style=\"font-size: 14pt;\"><b>\u25baIG\u00c9NYEL\u00c9S\u00a0ITT \u2013 \u201eEARLICK FORTE HIVATALOS WEBOLDAL V\u00c1S\u00c1RL\u00c1SA\u201d\u25c4<\/b><\/span><\/a><\/p>\n<p><b>Olvassa el tov\u00e1bbi megjegyz\u00e9seket \u00e9s v\u00e9lem\u00e9nyeket azokt\u00f3l, akik val\u00f3ban haszn\u00e1lt\u00e1k az Earlick Forte-ot:<\/b><\/p>\n<blockquote><p>Nagyon szeretem ezeket a tablett\u00e1kat kapszula form\u00e1j\u00e1ban. M\u00e9g csak k\u00e9t h\u00e9t telt el az\u00f3ta, hogy elkezdtem haszn\u00e1lni \u0151ket, de m\u00e1r most k\u00fcl\u00f6nbs\u00e9get tudok tenni az \u00e9letemben. Az egyik f\u00fclemben a hall\u00e1sroml\u00e1som el\u00e9rte a 80%-ot. Csak\u00fagy, mint neked, nekem is f\u00fclz\u00fag\u00e1som volt, de m\u00e1ra teljesen elm\u00falt.<\/p>\n<p>H\u00fa, ez egy fantasztikus t\u00e9tel. Minden egyes fill\u00e9rt j\u00f3l elk\u00f6ltenek. Az \u00e1r m\u00e9lt\u00e1nyos, ha \u00f6sszem\u00e9rj\u00fck az \u00e1ltala k\u00edn\u00e1lt el\u0151ny\u00f6kkel. Ebben az elj\u00e1r\u00e1sban nincs sz\u00fcks\u00e9g g\u00e9pekre \u00e9s vegyszerekre. Figyelemre m\u00e9lt\u00f3 eredm\u00e9ny a modern orvosl\u00e1s t\u00f6rt\u00e9net\u00e9ben.<\/p>\n<p>Az Earlick Forte hasznosnak bizonyult. Ez volt az egyetlen elem, amely seg\u00edtett a f\u00e9rjemnek, akinek egyik f\u00fcl\u00e9ben s\u00falyos hall\u00e1sk\u00e1rosod\u00e1s volt, visszanyerni hall\u00e1s\u00e1t. Az influenza s\u00falyos sz\u00f6v\u0151dm\u00e9nyeket okozott, ez\u00e9rt ez meg is t\u00f6rt\u00e9nt. Nemcsak teljes csend volt, hanem sz\u00f6rny\u0171 f\u00e1jdalom \u00e9s fert\u0151z\u00e9s is. \u00dagy t\u0171nik, hogy a kapszul\u00e1k k\u00e9pesek tart\u00f3san megoldani minden f\u00fclprobl\u00e9m\u00e1t.<\/p>\n<p>Ezeket a tablett\u00e1kat kell bevennie, ha a f\u00fcle zavarja. Nagyon \u00e9rz\u00e9keny a gyomrom \u00e9s nem is tudok v\u00e9ny n\u00e9lk\u00fcl kaphat\u00f3 l\u00e1zcsillap\u00edt\u00f3kat haszn\u00e1lni, \u00edgy els\u0151 k\u00e9zb\u0151l tudom, hogy nincs negat\u00edv mell\u00e9khat\u00e1sa.<\/p>\n<p>T\u00f6bb mint \u00f6t \u00e9vig kellett megk\u00fczdenem a hall\u00e1sk\u00e1rosod\u00e1ssal. M\u00e9g a munk\u00e1mat is elvett\u00e9k t\u0151lem. A k\u00f6z\u00e9piskola volt az, amikor elkezdtem zenepedag\u00f3gusi p\u00e1lyafut\u00e1somat. Amikor el\u0151sz\u00f6r tal\u00e1lkoztam ezzel a probl\u00e9m\u00e1val, olyan volt, mintha r\u00e1m szakadt volna az \u00e9g. M\u00e9ly depresszi\u00f3ban voltam, miel\u0151tt tal\u00e1ltam egy bar\u00e1tot, aki azt tan\u00e1csolta, hogy vegyem be ezeket a tablett\u00e1kat. Hall\u00e1som mind\u00f6ssze hat h\u00e9t ter\u00e1pia alatt helyre\u00e1llt a norm\u00e1lis \u00e1llapotba. Hallom a szomsz\u00e9dok besz\u00e9lget\u00e9s\u00e9t, a madarakat az ablakom el\u0151tt, \u00e9s a h\u00e1zast\u00e1rsamat, amint a h\u0171t\u0151h\u00f6z lopakodik az \u00e9jszaka k\u00f6zep\u00e9n.<\/p><\/blockquote>\n<h2>Mennyibe ker\u00fcl az Earlick Forte Magyarorsz\u00e1gon, \u00e9s hol lehet beszerezni?<\/h2>\n<p>Az Earlick Forte \u00e1ra egyar\u00e1nt olcs\u00f3 \u00e9s versenyk\u00e9pes. Lehets\u00e9ges, hogy a k\u00f6z\u00e9pf\u00fclgyullad\u00e1s leggyakrabban fel\u00edrt kezel\u00e9sei is egy karba \u00e9s egy l\u00e1bba ker\u00fclhetnek Lengyelorsz\u00e1gban. Ez azonban a t\u00fcnetek kezel\u00e9se \u00e9s megsz\u00fcntet\u00e9se mellett jav\u00edtja a hall\u00e1s\u00e1t. 2023-ban elind\u00edtjuk hirdet\u00e9si tev\u00e9kenys\u00e9g\u00fcnket. Itt az ideje, hogy minden magyarorsz\u00e1gi \u00fcgyfel\u00fcnk \u00e9ljen ezzel a korl\u00e1tozott idej\u0171 aj\u00e1nlattal. Nem t\u00fal meredek \u00e1ron szerezheti vissza hall\u00e1s\u00e1t. A jelenleg kaphat\u00f3 kapszul\u00e1k 50%-kal kedvezm\u00e9nyes \u00e1ron kaphat\u00f3k. Ha elolvassa a cikket teljes eg\u00e9sz\u00e9ben, megtudhatja, hogyan \u00e9s hol keresse a legjobb \u00e1rat egy Earlick Forte-on.<\/p>\n<p>Az Earlick Forte alacsony \u00e1ra versenyk\u00e9pes v\u00e1laszt\u00e1ss\u00e1 teszi az alacsony bel\u00e9p\u00e9si korl\u00e1t miatt. A legalapvet\u0151bb f\u00fclgy\u00f3gyszerek \u00e1ra is dr\u00e1g\u00e1bb Magyarorsz\u00e1gon. Ez viszont nem csak a gy\u00f3gyul\u00e1st \u00e9s enyh\u00fcl\u00e9st seg\u00edti, hanem a hall\u00e1st is jav\u00edtja. Egy marketing kezdem\u00e9nyez\u00e9s 2023-ban fog deb\u00fct\u00e1lni. A lengyelorsz\u00e1gi v\u00e1s\u00e1rl\u00f3k ezen a linken vehetik ig\u00e9nybe a korl\u00e1tozott idej\u0171 aj\u00e1nlatot. A hall\u00e1s visszaszerz\u00e9se nem ker\u00fcl egy vagyonba. Jelenleg 50% kedvezm\u00e9nyt kaphat a kaphat\u00f3 kapszul\u00e1k kiskereskedelmi \u00e1r\u00e1b\u00f3l. Ha v\u00e9gigolvassa ezt a cikket, megtudhatja, hogyan \u00e9s hol szerezheti be ezt a k\u00fcl\u00f6nleges Earlick Forte \u00e1rat.<\/p>\n<p style=\"text-align: center;\"><a style=\"color: #00ffff;\" href=\"https:\/\/todaykhoe.com\/buy-earlick-forte-hu\"><span style=\"font-size: 14pt;\"><b>\u25baIG\u00c9NYEL\u00c9S\u00a0ITT \u2013 \u201eEARLICK FORTE HIVATALOS WEBOLDAL V\u00c1S\u00c1RL\u00c1SA\u201d\u25c4<\/b><\/span><\/a><\/p>\n<p><a href=\"https:\/\/todaykhoe.com\/buy-earlick-forte-hu\"><img loading=\"lazy\" decoding=\"async\" class=\"aligncenter size-full wp-image-87808\" src=\"https:\/\/todaykhoe.com\/wp-content\/uploads\/2023\/04\/Earlick-Forte-Rendeles.png\" alt=\"Earlick Forte Rendel\u00e9s\" width=\"938\" height=\"508\" srcset=\"https:\/\/www.todaykhoe.com\/wp-content\/uploads\/2023\/04\/Earlick-Forte-Rendeles.png 938w, https:\/\/www.todaykhoe.com\/wp-content\/uploads\/2023\/04\/Earlick-Forte-Rendeles-600x325.png 600w, https:\/\/www.todaykhoe.com\/wp-content\/uploads\/2023\/04\/Earlick-Forte-Rendeles-300x162.png 300w, https:\/\/www.todaykhoe.com\/wp-content\/uploads\/2023\/04\/Earlick-Forte-Rendeles-768x416.png 768w\" sizes=\"auto, (max-width: 938px) 100vw, 938px\" \/><\/a><\/p>\n<h3>GYIK:<\/h3>\n<blockquote><p>K. Biztons\u00e1gos az Earlick Forte kapszula haszn\u00e1lata?<\/p><\/blockquote>\n<p>V. Igen, az Earlick Forte kapszula term\u00e9szetes \u00f6sszetev\u0151kb\u0151l \u00e1ll, \u00e9s haszn\u00e1lata biztons\u00e1gos.<\/p>\n<blockquote><p>K. Haszn\u00e1lhatj\u00e1k az Earlick Forte kapszul\u00e1t gyermekek?<\/p><\/blockquote>\n<p>V. Igen, az Earlick Forte kapszula biztons\u00e1gos 12 \u00e9v feletti gyermekek sz\u00e1m\u00e1ra.<\/p>\n<blockquote><p>K. Haszn\u00e1lhat\u00f3 az Earlick Forte kapszula terhess\u00e9g alatt?<\/p><\/blockquote>\n<p>V. Javasoljuk, hogy az Earlick Forte kapszula terhess\u00e9g alatti alkalmaz\u00e1sa el\u0151tt konzult\u00e1ljon orvos\u00e1val.<\/p>\n<p>K. Mennyi id\u0151be telik az eredm\u00e9ny az Earlick Forte kapszula haszn\u00e1lata ut\u00e1n?<\/p>\n<p>V. Az eredm\u00e9nyek szem\u00e9lyenk\u00e9nt v\u00e1ltozhatnak, de a legt\u00f6bb ember az Earlick Forte kapszula haszn\u00e1lat\u00e1t\u00f3l sz\u00e1m\u00edtott 2-3 h\u00e9ten bel\u00fcl l\u00e1tja az eredm\u00e9nyeket.<\/p>\n<p style=\"text-align: center;\"><a style=\"color: #00ffff;\" href=\"https:\/\/todaykhoe.com\/buy-earlick-forte-hu\"><span style=\"font-size: 14pt;\"><b>\u25baIG\u00c9NYEL\u00c9S\u00a0ITT \u2013 \u201eEARLICK FORTE HIVATALOS WEBOLDAL V\u00c1S\u00c1RL\u00c1SA\u201d\u25c4<\/b><\/span><\/a><\/p>\n","protected":false},"excerpt":{"rendered":"<p>Earlick Forte korral j\u00e1r\u00f3 hall\u00e1sk\u00e1rosod\u00e1sa nem azonnal nyilv\u00e1nval\u00f3. Az \u00e9letkorral \u00f6sszef\u00fcgg\u0151 s\u00fckets\u00e9get gyakran a nagyfrekvenci\u00e1s hall\u00e1s cs\u00f6kken\u00e9se jellemzi. A legt\u00f6bb embernek neh\u00e9zs\u00e9gei vannak a besz\u00e9lget\u00e9s meghallgat\u00e1s\u00e1val, ha nagy zaj van a h\u00e1tt\u00e9rben. Ez azt eredm\u00e9nyezi, hogy m\u00e9g jobban felemelt\u00e9k a hangjukat, mint kor\u00e1bban. M\u00edg a hall\u00f3k\u00e9sz\u00fcl\u00e9kek bizonyos embereknek seg\u00edtenek, a tanulm\u00e1nyok azt mutatj\u00e1k, hogy az [&hellip;]<\/p>\n","protected":false},"author":1,"featured_media":87808,"comment_status":"open","ping_status":"open","sticky":false,"template":"","format":"standard","meta":{"footnotes":""},"categories":[367],"tags":[],"class_list":["post-87807","post","type-post","status-publish","format-standard","has-post-thumbnail","hentry","category-fulapolas"],"yoast_head":"<!-- This site is optimized with the Yoast SEO plugin v27.3 - https:\/\/yoast.com\/product\/yoast-seo-wordpress\/ -->\n<title>Earlick Forte: Kapszula, Haszn\u00e1lat, El\u0151ny\u00f6k, \u00c1r, Hat\u00e1s, Munka!<\/title>\n<meta name=\"description\" content=\"Az Earlick Forte egy kapszula, amelyet sok hall\u00e1ss\u00e9r\u00fclt szem\u00e9lynek fel kell id\u00e9znie. Az Earlick Forte egy apr\u00f3, olcs\u00f3 kapszulacsomagra utal.\" \/>\n<meta name=\"robots\" content=\"index, follow, max-snippet:-1, max-image-preview:large, max-video-preview:-1\" \/>\n<link rel=\"canonical\" href=\"https:\/\/www.todaykhoe.com\/hu\/earlick-forte-kapszula-hungary\/\" \/>\n<meta property=\"og:locale\" content=\"hu_HU\" \/>\n<meta property=\"og:type\" content=\"article\" \/>\n<meta property=\"og:title\" content=\"Earlick Forte: Kapszula, Haszn\u00e1lat, El\u0151ny\u00f6k, \u00c1r, Hat\u00e1s, Munka!\" \/>\n<meta property=\"og:description\" content=\"Az Earlick Forte egy kapszula, amelyet sok hall\u00e1ss\u00e9r\u00fclt szem\u00e9lynek fel kell id\u00e9znie. Az Earlick Forte egy apr\u00f3, olcs\u00f3 kapszulacsomagra utal.\" \/>\n<meta property=\"og:url\" content=\"https:\/\/www.todaykhoe.com\/hu\/earlick-forte-kapszula-hungary\/\" \/>\n<meta property=\"og:site_name\" content=\"TodayKh\u1ecfe.Com\" \/>\n<meta property=\"article:published_time\" content=\"2023-04-08T05:00:16+00:00\" \/>\n<meta property=\"article:modified_time\" content=\"2023-04-12T03:53:39+00:00\" \/>\n<meta property=\"og:image\" content=\"https:\/\/www.todaykhoe.com\/wp-content\/uploads\/2023\/04\/Earlick-Forte-Rendeles.png\" \/>\n\t<meta property=\"og:image:width\" content=\"938\" \/>\n\t<meta property=\"og:image:height\" content=\"508\" \/>\n\t<meta property=\"og:image:type\" content=\"image\/png\" \/>\n<meta name=\"author\" content=\"admin\" \/>\n<meta name=\"twitter:card\" content=\"summary_large_image\" \/>\n<meta name=\"twitter:label1\" content=\"Szerz\u0151:\" \/>\n\t<meta name=\"twitter:data1\" content=\"admin\" \/>\n\t<meta name=\"twitter:label2\" content=\"Becs\u00fclt olvas\u00e1si id\u0151\" \/>\n\t<meta name=\"twitter:data2\" content=\"10 perc\" \/>\n<script type=\"application\/ld+json\" class=\"yoast-schema-graph\">{\"@context\":\"https:\\\/\\\/schema.org\",\"@graph\":[{\"@type\":\"Article\",\"@id\":\"https:\\\/\\\/www.todaykhoe.com\\\/hu\\\/earlick-forte-kapszula-hungary\\\/#article\",\"isPartOf\":{\"@id\":\"https:\\\/\\\/www.todaykhoe.com\\\/hu\\\/earlick-forte-kapszula-hungary\\\/\"},\"author\":{\"name\":\"admin\",\"@id\":\"https:\\\/\\\/www.todaykhoe.com\\\/#\\\/schema\\\/person\\\/8f3babbefbd87fe004c0aff7b7ddccc7\"},\"headline\":\"Earlick Forte: Kapszula, Haszn\u00e1lat, El\u0151ny\u00f6k, \u00c1r, Hat\u00e1s, Munka (Hungary)\",\"datePublished\":\"2023-04-08T05:00:16+00:00\",\"dateModified\":\"2023-04-12T03:53:39+00:00\",\"mainEntityOfPage\":{\"@id\":\"https:\\\/\\\/www.todaykhoe.com\\\/hu\\\/earlick-forte-kapszula-hungary\\\/\"},\"wordCount\":2091,\"commentCount\":0,\"publisher\":{\"@id\":\"https:\\\/\\\/www.todaykhoe.com\\\/#organization\"},\"image\":{\"@id\":\"https:\\\/\\\/www.todaykhoe.com\\\/hu\\\/earlick-forte-kapszula-hungary\\\/#primaryimage\"},\"thumbnailUrl\":\"https:\\\/\\\/www.todaykhoe.com\\\/wp-content\\\/uploads\\\/2023\\\/04\\\/Earlick-Forte-Rendeles.png\",\"articleSection\":[\"F\u00fcl\u00e1pol\u00e1s\"],\"inLanguage\":\"hu\",\"potentialAction\":[{\"@type\":\"CommentAction\",\"name\":\"Comment\",\"target\":[\"https:\\\/\\\/www.todaykhoe.com\\\/hu\\\/earlick-forte-kapszula-hungary\\\/#respond\"]}]},{\"@type\":\"WebPage\",\"@id\":\"https:\\\/\\\/www.todaykhoe.com\\\/hu\\\/earlick-forte-kapszula-hungary\\\/\",\"url\":\"https:\\\/\\\/www.todaykhoe.com\\\/hu\\\/earlick-forte-kapszula-hungary\\\/\",\"name\":\"Earlick Forte: Kapszula, Haszn\u00e1lat, El\u0151ny\u00f6k, \u00c1r, Hat\u00e1s, Munka!\",\"isPartOf\":{\"@id\":\"https:\\\/\\\/www.todaykhoe.com\\\/#website\"},\"primaryImageOfPage\":{\"@id\":\"https:\\\/\\\/www.todaykhoe.com\\\/hu\\\/earlick-forte-kapszula-hungary\\\/#primaryimage\"},\"image\":{\"@id\":\"https:\\\/\\\/www.todaykhoe.com\\\/hu\\\/earlick-forte-kapszula-hungary\\\/#primaryimage\"},\"thumbnailUrl\":\"https:\\\/\\\/www.todaykhoe.com\\\/wp-content\\\/uploads\\\/2023\\\/04\\\/Earlick-Forte-Rendeles.png\",\"datePublished\":\"2023-04-08T05:00:16+00:00\",\"dateModified\":\"2023-04-12T03:53:39+00:00\",\"description\":\"Az Earlick Forte egy kapszula, amelyet sok hall\u00e1ss\u00e9r\u00fclt szem\u00e9lynek fel kell id\u00e9znie. Az Earlick Forte egy apr\u00f3, olcs\u00f3 kapszulacsomagra utal.\",\"breadcrumb\":{\"@id\":\"https:\\\/\\\/www.todaykhoe.com\\\/hu\\\/earlick-forte-kapszula-hungary\\\/#breadcrumb\"},\"inLanguage\":\"hu\",\"potentialAction\":[{\"@type\":\"ReadAction\",\"target\":[\"https:\\\/\\\/www.todaykhoe.com\\\/hu\\\/earlick-forte-kapszula-hungary\\\/\"]}]},{\"@type\":\"ImageObject\",\"inLanguage\":\"hu\",\"@id\":\"https:\\\/\\\/www.todaykhoe.com\\\/hu\\\/earlick-forte-kapszula-hungary\\\/#primaryimage\",\"url\":\"https:\\\/\\\/www.todaykhoe.com\\\/wp-content\\\/uploads\\\/2023\\\/04\\\/Earlick-Forte-Rendeles.png\",\"contentUrl\":\"https:\\\/\\\/www.todaykhoe.com\\\/wp-content\\\/uploads\\\/2023\\\/04\\\/Earlick-Forte-Rendeles.png\",\"width\":938,\"height\":508,\"caption\":\"Earlick Forte Rendel\u00e9s\"},{\"@type\":\"BreadcrumbList\",\"@id\":\"https:\\\/\\\/www.todaykhoe.com\\\/hu\\\/earlick-forte-kapszula-hungary\\\/#breadcrumb\",\"itemListElement\":[{\"@type\":\"ListItem\",\"position\":1,\"name\":\"Home\",\"item\":\"https:\\\/\\\/www.todaykhoe.com\\\/\"},{\"@type\":\"ListItem\",\"position\":2,\"name\":\"Earlick Forte: Kapszula, Haszn\u00e1lat, El\u0151ny\u00f6k, \u00c1r, Hat\u00e1s, Munka (Hungary)\"}]},{\"@type\":\"WebSite\",\"@id\":\"https:\\\/\\\/www.todaykhoe.com\\\/#website\",\"url\":\"https:\\\/\\\/www.todaykhoe.com\\\/\",\"name\":\"TodayKh\u1ecfe.Com\",\"description\":\"Healthy Today, Fitness, Nutrition, Beauty, News!\",\"publisher\":{\"@id\":\"https:\\\/\\\/www.todaykhoe.com\\\/#organization\"},\"potentialAction\":[{\"@type\":\"SearchAction\",\"target\":{\"@type\":\"EntryPoint\",\"urlTemplate\":\"https:\\\/\\\/www.todaykhoe.com\\\/?s={search_term_string}\"},\"query-input\":{\"@type\":\"PropertyValueSpecification\",\"valueRequired\":true,\"valueName\":\"search_term_string\"}}],\"inLanguage\":\"hu\"},{\"@type\":\"Organization\",\"@id\":\"https:\\\/\\\/www.todaykhoe.com\\\/#organization\",\"name\":\"TodayKh\u1ecfe.Com\",\"url\":\"https:\\\/\\\/www.todaykhoe.com\\\/\",\"logo\":{\"@type\":\"ImageObject\",\"inLanguage\":\"hu\",\"@id\":\"https:\\\/\\\/www.todaykhoe.com\\\/#\\\/schema\\\/logo\\\/image\\\/\",\"url\":\"https:\\\/\\\/www.todaykhoe.com\\\/wp-content\\\/uploads\\\/2025\\\/04\\\/Todaykhoe.png\",\"contentUrl\":\"https:\\\/\\\/www.todaykhoe.com\\\/wp-content\\\/uploads\\\/2025\\\/04\\\/Todaykhoe.png\",\"width\":706,\"height\":159,\"caption\":\"TodayKh\u1ecfe.Com\"},\"image\":{\"@id\":\"https:\\\/\\\/www.todaykhoe.com\\\/#\\\/schema\\\/logo\\\/image\\\/\"}},{\"@type\":\"Person\",\"@id\":\"https:\\\/\\\/www.todaykhoe.com\\\/#\\\/schema\\\/person\\\/8f3babbefbd87fe004c0aff7b7ddccc7\",\"name\":\"admin\",\"image\":{\"@type\":\"ImageObject\",\"inLanguage\":\"hu\",\"@id\":\"https:\\\/\\\/secure.gravatar.com\\\/avatar\\\/e54d7341ba7a4f13346f5f05cd4e53860c679bf0284ba43bcc0f7c6069d43e27?s=96&d=mm&r=g\",\"url\":\"https:\\\/\\\/secure.gravatar.com\\\/avatar\\\/e54d7341ba7a4f13346f5f05cd4e53860c679bf0284ba43bcc0f7c6069d43e27?s=96&d=mm&r=g\",\"contentUrl\":\"https:\\\/\\\/secure.gravatar.com\\\/avatar\\\/e54d7341ba7a4f13346f5f05cd4e53860c679bf0284ba43bcc0f7c6069d43e27?s=96&d=mm&r=g\",\"caption\":\"admin\"},\"sameAs\":[\"https:\\\/\\\/todaykhoe.com\"],\"url\":\"https:\\\/\\\/www.todaykhoe.com\\\/hu\\\/author\\\/admin\\\/\"}]}<\/script>\n<!-- \/ Yoast SEO plugin. -->","yoast_head_json":{"title":"Earlick Forte: Kapszula, Haszn\u00e1lat, El\u0151ny\u00f6k, \u00c1r, Hat\u00e1s, Munka!","description":"Az Earlick Forte egy kapszula, amelyet sok hall\u00e1ss\u00e9r\u00fclt szem\u00e9lynek fel kell id\u00e9znie. Az Earlick Forte egy apr\u00f3, olcs\u00f3 kapszulacsomagra utal.","robots":{"index":"index","follow":"follow","max-snippet":"max-snippet:-1","max-image-preview":"max-image-preview:large","max-video-preview":"max-video-preview:-1"},"canonical":"https:\/\/www.todaykhoe.com\/hu\/earlick-forte-kapszula-hungary\/","og_locale":"hu_HU","og_type":"article","og_title":"Earlick Forte: Kapszula, Haszn\u00e1lat, El\u0151ny\u00f6k, \u00c1r, Hat\u00e1s, Munka!","og_description":"Az Earlick Forte egy kapszula, amelyet sok hall\u00e1ss\u00e9r\u00fclt szem\u00e9lynek fel kell id\u00e9znie. Az Earlick Forte egy apr\u00f3, olcs\u00f3 kapszulacsomagra utal.","og_url":"https:\/\/www.todaykhoe.com\/hu\/earlick-forte-kapszula-hungary\/","og_site_name":"TodayKh\u1ecfe.Com","article_published_time":"2023-04-08T05:00:16+00:00","article_modified_time":"2023-04-12T03:53:39+00:00","og_image":[{"width":938,"height":508,"url":"https:\/\/www.todaykhoe.com\/wp-content\/uploads\/2023\/04\/Earlick-Forte-Rendeles.png","type":"image\/png"}],"author":"admin","twitter_card":"summary_large_image","twitter_misc":{"Szerz\u0151:":"admin","Becs\u00fclt olvas\u00e1si id\u0151":"10 perc"},"schema":{"@context":"https:\/\/schema.org","@graph":[{"@type":"Article","@id":"https:\/\/www.todaykhoe.com\/hu\/earlick-forte-kapszula-hungary\/#article","isPartOf":{"@id":"https:\/\/www.todaykhoe.com\/hu\/earlick-forte-kapszula-hungary\/"},"author":{"name":"admin","@id":"https:\/\/www.todaykhoe.com\/#\/schema\/person\/8f3babbefbd87fe004c0aff7b7ddccc7"},"headline":"Earlick Forte: Kapszula, Haszn\u00e1lat, El\u0151ny\u00f6k, \u00c1r, Hat\u00e1s, Munka (Hungary)","datePublished":"2023-04-08T05:00:16+00:00","dateModified":"2023-04-12T03:53:39+00:00","mainEntityOfPage":{"@id":"https:\/\/www.todaykhoe.com\/hu\/earlick-forte-kapszula-hungary\/"},"wordCount":2091,"commentCount":0,"publisher":{"@id":"https:\/\/www.todaykhoe.com\/#organization"},"image":{"@id":"https:\/\/www.todaykhoe.com\/hu\/earlick-forte-kapszula-hungary\/#primaryimage"},"thumbnailUrl":"https:\/\/www.todaykhoe.com\/wp-content\/uploads\/2023\/04\/Earlick-Forte-Rendeles.png","articleSection":["F\u00fcl\u00e1pol\u00e1s"],"inLanguage":"hu","potentialAction":[{"@type":"CommentAction","name":"Comment","target":["https:\/\/www.todaykhoe.com\/hu\/earlick-forte-kapszula-hungary\/#respond"]}]},{"@type":"WebPage","@id":"https:\/\/www.todaykhoe.com\/hu\/earlick-forte-kapszula-hungary\/","url":"https:\/\/www.todaykhoe.com\/hu\/earlick-forte-kapszula-hungary\/","name":"Earlick Forte: Kapszula, Haszn\u00e1lat, El\u0151ny\u00f6k, \u00c1r, Hat\u00e1s, Munka!","isPartOf":{"@id":"https:\/\/www.todaykhoe.com\/#website"},"primaryImageOfPage":{"@id":"https:\/\/www.todaykhoe.com\/hu\/earlick-forte-kapszula-hungary\/#primaryimage"},"image":{"@id":"https:\/\/www.todaykhoe.com\/hu\/earlick-forte-kapszula-hungary\/#primaryimage"},"thumbnailUrl":"https:\/\/www.todaykhoe.com\/wp-content\/uploads\/2023\/04\/Earlick-Forte-Rendeles.png","datePublished":"2023-04-08T05:00:16+00:00","dateModified":"2023-04-12T03:53:39+00:00","description":"Az Earlick Forte egy kapszula, amelyet sok hall\u00e1ss\u00e9r\u00fclt szem\u00e9lynek fel kell id\u00e9znie. Az Earlick Forte egy apr\u00f3, olcs\u00f3 kapszulacsomagra utal.","breadcrumb":{"@id":"https:\/\/www.todaykhoe.com\/hu\/earlick-forte-kapszula-hungary\/#breadcrumb"},"inLanguage":"hu","potentialAction":[{"@type":"ReadAction","target":["https:\/\/www.todaykhoe.com\/hu\/earlick-forte-kapszula-hungary\/"]}]},{"@type":"ImageObject","inLanguage":"hu","@id":"https:\/\/www.todaykhoe.com\/hu\/earlick-forte-kapszula-hungary\/#primaryimage","url":"https:\/\/www.todaykhoe.com\/wp-content\/uploads\/2023\/04\/Earlick-Forte-Rendeles.png","contentUrl":"https:\/\/www.todaykhoe.com\/wp-content\/uploads\/2023\/04\/Earlick-Forte-Rendeles.png","width":938,"height":508,"caption":"Earlick Forte Rendel\u00e9s"},{"@type":"BreadcrumbList","@id":"https:\/\/www.todaykhoe.com\/hu\/earlick-forte-kapszula-hungary\/#breadcrumb","itemListElement":[{"@type":"ListItem","position":1,"name":"Home","item":"https:\/\/www.todaykhoe.com\/"},{"@type":"ListItem","position":2,"name":"Earlick Forte: Kapszula, Haszn\u00e1lat, El\u0151ny\u00f6k, \u00c1r, Hat\u00e1s, Munka (Hungary)"}]},{"@type":"WebSite","@id":"https:\/\/www.todaykhoe.com\/#website","url":"https:\/\/www.todaykhoe.com\/","name":"TodayKh\u1ecfe.Com","description":"Healthy Today, Fitness, Nutrition, Beauty, News!","publisher":{"@id":"https:\/\/www.todaykhoe.com\/#organization"},"potentialAction":[{"@type":"SearchAction","target":{"@type":"EntryPoint","urlTemplate":"https:\/\/www.todaykhoe.com\/?s={search_term_string}"},"query-input":{"@type":"PropertyValueSpecification","valueRequired":true,"valueName":"search_term_string"}}],"inLanguage":"hu"},{"@type":"Organization","@id":"https:\/\/www.todaykhoe.com\/#organization","name":"TodayKh\u1ecfe.Com","url":"https:\/\/www.todaykhoe.com\/","logo":{"@type":"ImageObject","inLanguage":"hu","@id":"https:\/\/www.todaykhoe.com\/#\/schema\/logo\/image\/","url":"https:\/\/www.todaykhoe.com\/wp-content\/uploads\/2025\/04\/Todaykhoe.png","contentUrl":"https:\/\/www.todaykhoe.com\/wp-content\/uploads\/2025\/04\/Todaykhoe.png","width":706,"height":159,"caption":"TodayKh\u1ecfe.Com"},"image":{"@id":"https:\/\/www.todaykhoe.com\/#\/schema\/logo\/image\/"}},{"@type":"Person","@id":"https:\/\/www.todaykhoe.com\/#\/schema\/person\/8f3babbefbd87fe004c0aff7b7ddccc7","name":"admin","image":{"@type":"ImageObject","inLanguage":"hu","@id":"https:\/\/secure.gravatar.com\/avatar\/e54d7341ba7a4f13346f5f05cd4e53860c679bf0284ba43bcc0f7c6069d43e27?s=96&d=mm&r=g","url":"https:\/\/secure.gravatar.com\/avatar\/e54d7341ba7a4f13346f5f05cd4e53860c679bf0284ba43bcc0f7c6069d43e27?s=96&d=mm&r=g","contentUrl":"https:\/\/secure.gravatar.com\/avatar\/e54d7341ba7a4f13346f5f05cd4e53860c679bf0284ba43bcc0f7c6069d43e27?s=96&d=mm&r=g","caption":"admin"},"sameAs":["https:\/\/todaykhoe.com"],"url":"https:\/\/www.todaykhoe.com\/hu\/author\/admin\/"}]}},"_links":{"self":[{"href":"https:\/\/www.todaykhoe.com\/hu\/wp-json\/wp\/v2\/posts\/87807","targetHints":{"allow":["GET"]}}],"collection":[{"href":"https:\/\/www.todaykhoe.com\/hu\/wp-json\/wp\/v2\/posts"}],"about":[{"href":"https:\/\/www.todaykhoe.com\/hu\/wp-json\/wp\/v2\/types\/post"}],"author":[{"embeddable":true,"href":"https:\/\/www.todaykhoe.com\/hu\/wp-json\/wp\/v2\/users\/1"}],"replies":[{"embeddable":true,"href":"https:\/\/www.todaykhoe.com\/hu\/wp-json\/wp\/v2\/comments?post=87807"}],"version-history":[{"count":5,"href":"https:\/\/www.todaykhoe.com\/hu\/wp-json\/wp\/v2\/posts\/87807\/revisions"}],"predecessor-version":[{"id":87916,"href":"https:\/\/www.todaykhoe.com\/hu\/wp-json\/wp\/v2\/posts\/87807\/revisions\/87916"}],"wp:featuredmedia":[{"embeddable":true,"href":"https:\/\/www.todaykhoe.com\/hu\/wp-json\/wp\/v2\/media\/87808"}],"wp:attachment":[{"href":"https:\/\/www.todaykhoe.com\/hu\/wp-json\/wp\/v2\/media?parent=87807"}],"wp:term":[{"taxonomy":"category","embeddable":true,"href":"https:\/\/www.todaykhoe.com\/hu\/wp-json\/wp\/v2\/categories?post=87807"},{"taxonomy":"post_tag","embeddable":true,"href":"https:\/\/www.todaykhoe.com\/hu\/wp-json\/wp\/v2\/tags?post=87807"}],"curies":[{"name":"wp","href":"https:\/\/api.w.org\/{rel}","templated":true}]}}